{"id":5399,"date":"2022-12-19T17:31:16","date_gmt":"2022-12-19T17:31:16","guid":{"rendered":"http:\/\/www.nymagazin.com\/?p=5399"},"modified":"2022-12-19T17:31:19","modified_gmt":"2022-12-19T17:31:19","slug":"finala-cm-perspectiva-sociopolitica-si-analiza-comportamentala","status":"publish","type":"post","link":"http:\/\/www.nymagazin.com\/en_US\/finala-cm-perspectiva-sociopolitica-si-analiza-comportamentala\/","title":{"rendered":"Finala CM - perspectiva sociopolitica \u0219i analiz\u0103 comportamental\u0103"},"content":{"rendered":"\n<p class=\"has-text-align-right\"><strong><em>Autor: Oana-Medeea Groza<\/em><\/strong><\/p>\n\n\n\n<p><strong>Iosefina Pascal a abordat luni, \u00een prima parte a emisiunii \u201eScamatoriile Iosefinei\u201d de la Radio Gold FM, subiectul legat de Campionatul Mondial de fotbal ce s-a desf\u0103\u0219urat \u00een Qatar.<\/strong><\/p>\n\n\n\n<p><strong><em>\u201eToat\u0103 lumea s-a uitat la finala Cupei Mondiale de Fotbal. Trebuie analizat acest eveniment \u0219i din perspectiva comportamentului oamenilor \u0219i personalit\u0103\u021bilor care au participat. Au fost o serie de evenimente care pot fi puse pe seama emo\u021biilor sau a presiunii resim\u021bite, dar pot fi reprezentative pentru perioada prin care trece omenirea\u201d<\/em><\/strong>, a afirmat Iosefina.<\/p>\n\n\n\n<p>Finala, disputat\u0103 \u00eentre reprezentativele Fran\u021bei \u0219i Argentinei, a fost foarte antrenant\u0103, a fost un adev\u0103rat spectacol \u0219i i-a \u021binut lipi\u021bi de televizor, cu sufletul la gur\u0103 p\u00e2n\u0103 \u0219i pe cei care nu sunt fani ai fotbalului neap\u0103rat. Se obi\u0219nuie\u0219te ca pre\u0219edin\u021bii statelor s\u0103 participe m\u0103car la finala campionatului. De aceast\u0103 dat\u0103, \u00eens\u0103, a participat doar cel francez; <strong>pre\u0219edintele Argentinei, Alberto Fernandez nu a participat, motivul fiind supersti\u021bia argentinienilor care cred c\u0103 politicul aduce ghinion la competi\u021biile sportive.<\/strong><\/p>\n\n\n\n<p>Pre\u015fedintele francez a scris pe Twitter: <strong><em>\u201eBravo echipei Fran\u0163ei pentru parcursul s\u0103u \u015fi combativitatea \u00een aceast\u0103 Cup\u0103 Mondial\u0103. Voi a\u0163i f\u0103cut s\u0103 vibreze na\u0163iunea \u015fi suporterii din lumea \u00eentreag\u0103. Felicit\u0103ri Argentinei pentru victorie!\u201d<\/em><\/strong>.<\/p>\n\n\n\n<p>Alberto Fernandez a r\u0103spuns: <strong><em>\u201eDrag\u0103 prietene Emmanuel Macron, ne-a\u0163i f\u0103cut meciul greu, dar cel mai bun a c\u00e2\u015ftigat. Imens\u0103 bucurie \u00een Argentina \u015fi \u00een toat\u0103 America Latin\u0103. Suntem bucuro\u015fi \u015fi emo\u0163iona\u0163i pentru aceast\u0103 minunat\u0103 victorie. Tr\u0103iasc\u0103 fotbalul \u015fi prietenia dintre popoare!\u201d.<\/em><\/strong><\/p>\n\n\n\n<p>Spre deosebire de comportamentul rezervat, discret al altor pre\u0219edin\u021bi, <strong><em>\u201eMacron era isterizat, era o prezen\u021b\u0103 strident\u0103 pe modelul politicianului nou, trotinetist \u0219i implicat \u00een goana lui dup\u0103 imagine\u201d<\/em><\/strong>, a observat jurnalista. Juc\u0103torii francezi erau epuiza\u021bi \u0219i sup\u0103ra\u021bi dup\u0103 \u00eenfr\u00e2ngerea suferit\u0103, nu era cazul ca Macron s\u0103 se implice \u00een maniera asta, s\u0103 se bage \u00een seam\u0103. Supersti\u021bia argentinienilor pare s\u0103 aib\u0103 un suport \u00een realitate. <strong><em>\u201eRom\u00e2nia este poate cel mai bun exemplu: politrucii no\u0219tri au distrus fotbalul rom\u00e2nesc, politrucii \u0219i oamenii de afaceri au acaparat fotbalul pentru a face profit\u201d<\/em><\/strong>, a mai spus Iosefina.<\/p>\n\n\n\n<p>Competi\u021biile sportive au devenit \u00een ultimii ani teatre de lupt\u0103 politic\u0103 \u0219i ideologic\u0103; la aceast\u0103 edi\u021bie a Campionatului Mondial, Qatarul a \u00eenregistrat o victorie \u00eempotriva globalismului mondial care a \u00eencercat f\u0103r\u0103 succes s\u0103-\u0219i promoveze \u0219i cu aceast\u0103 ocazie una dintre temele favorite, cea legat\u0103 de LGBT. <strong><em>\u201eA fost un meci foarte frumos, entertainment 100%, dar \u00eencep s\u0103 ias\u0103 la iveal\u0103 \u00een competi\u021biile sportive \u0219i ura, frustrarea social\u0103 \u0219i lipsa de bun sim\u021b, o boal\u0103 care se r\u0103sp\u00e2nde\u0219te \u00een popula\u021bia lumii\u201d<\/em><\/strong>, \u0219i-a \u00eencheiat analiza Iosefina Pascal.<\/p>\n\n\n\n<p><strong>Emisiunea \u201eScamatoriile Iosefinei\u201d, prezentat\u0103 de Iosefina Pascal, se difuzeaz\u0103 de luni p\u00e2n\u0103 joi de la ora 16, la Radio Gold FM. \u00cenregistr\u0103rile integrale pot fi urm\u0103rite pe pagina de Facebook a Radio Gold FM Rom\u00e2nia, dar \u0219i pe platforma goldtv.ro<\/strong><\/p>\n","protected":false},"excerpt":{"rendered":"<p><!-- wp:paragraph {\"align\":\"right\"} --><\/p>\n<p class=\"has-text-align-right\"><strong><em>Autor: Oana-Medeea Groza<\/em><\/strong><\/p>\n<p><!-- \/wp:paragraph --><\/p>\n<p><!-- wp:paragraph --><\/p>\n<p><strong>Iosefina Pascal a abordat luni, \u00een prima parte a emisiunii \u201eScamat&#8230;<\/p>\n","protected":false},"author":2,"featured_media":5400,"comment_status":"open","ping_status":"open","sticky":false,"template":"","format":"standard","meta":[],"categories":[7,9],"tags":[1075,1073,1076,1074,134,110,248],"coauthors":[75],"jetpack_featured_media_url":"http:\/\/www.nymagazin.com\/wp-content\/uploads\/2022\/12\/320068393_628276429095716_680585405623449806_n.jpg","jetpack_sharing_enabled":true,"jetpack_shortlink":"https:\/\/wp.me\/p4rsGx-1p5","_links":{"self":[{"href":"http:\/\/www.nymagazin.com\/en_US\/wp-json\/wp\/v2\/posts\/5399"}],"collection":[{"href":"http:\/\/www.nymagazin.com\/en_US\/wp-json\/wp\/v2\/posts"}],"about":[{"href":"http:\/\/www.nymagazin.com\/en_US\/wp-json\/wp\/v2\/types\/post"}],"author":[{"embeddable":true,"href":"http:\/\/www.nymagazin.com\/en_US\/wp-json\/wp\/v2\/users\/2"}],"replies":[{"embeddable":true,"href":"http:\/\/www.nymagazin.com\/en_US\/wp-json\/wp\/v2\/comments?post=5399"}],"version-history":[{"count":2,"href":"http:\/\/www.nymagazin.com\/en_US\/wp-json\/wp\/v2\/posts\/5399\/revisions"}],"predecessor-version":[{"id":5402,"href":"http:\/\/www.nymagazin.com\/en_US\/wp-json\/wp\/v2\/posts\/5399\/revisions\/5402"}],"wp:featuredmedia":[{"embeddable":true,"href":"http:\/\/www.nymagazin.com\/en_US\/wp-json\/wp\/v2\/media\/5400"}],"wp:attachment":[{"href":"http:\/\/www.nymagazin.com\/en_US\/wp-json\/wp\/v2\/media?parent=5399"}],"wp:term":[{"taxonomy":"category","embeddable":true,"href":"http:\/\/www.nymagazin.com\/en_US\/wp-json\/wp\/v2\/categories?post=5399"},{"taxonomy":"post_tag","embeddable":true,"href":"http:\/\/www.nymagazin.com\/en_US\/wp-json\/wp\/v2\/tags?post=5399"},{"taxonomy":"author","embeddable":true,"href":"http:\/\/www.nymagazin.com\/en_US\/wp-json\/wp\/v2\/coauthors?post=5399"}],"curies":[{"name":"wp","href":"https:\/\/api.w.org\/{rel}","templated":true}]}}