{"id":2332,"date":"2018-02-21T22:08:28","date_gmt":"2018-02-21T22:08:28","guid":{"rendered":"http:\/\/www.nymagazin.com\/?p=2332"},"modified":"2018-02-21T22:09:29","modified_gmt":"2018-02-21T22:09:29","slug":"balkannig","status":"publish","type":"post","link":"http:\/\/www.nymagazin.com\/en_US\/balkannig\/","title":{"rendered":"BALKAN\/NIG"},"content":{"rendered":"<h3><\/h3>\n<h3><img decoding=\"async\" loading=\"lazy\" class=\"alignnone size-art-big-1col wp-image-2334\" src=\"http:\/\/www.nymagazin.com\/wp-content\/uploads\/2018\/02\/28061419_10213291716382267_1684271147207104363_o-326x235.jpg\" alt=\"\" width=\"326\" height=\"235\" \/><\/h3>\n<p><strong>NIG<\/strong><\/p>\n<h3 class=\"post-title entry-title\">\u015etii la ce m\u0103 g\u00e2ndeam&#8230;<\/h3>\n<div class=\"post-header\">C\u00e2nd ai v\u0103zut ultima oar\u0103 pe cineva f\u0103c\u00e2nd un lucru pentru comunitatea \u00een care tr\u0103ie\u015fti, doar de dragul comunit\u0103\u0163ii?<br \/>\nTotal dezinteresat, f\u0103r\u0103 c\u00e2\u015ftiguri materiale.<br \/>\nTot ce \u00ee\u0163i dore\u015fti este s\u0103 auzi aplauzele celor care te privesc, s\u0103 vezi lumina aceea din ochii lor, lumin\u0103 care str\u0103fulger\u0103 dep\u0103rtarea pe un pliu de lacrim\u0103, s\u0103 \u00eei faci s\u0103-\u015fi aminteasc\u0103 de unde au plecat, ce au f\u0103cut \u00een via\u0163\u0103 \u015fi, mai ales, \u00a0unde merg.<br \/>\nS\u0103 le aminte\u015fti c\u0103 f\u0103r\u0103 r\u0103d\u0103cini nu po\u0163i niciodat\u0103 s\u0103 supravie\u0163uie\u015fti.<br \/>\nDe\u015fi am crescut la \u0163ar\u0103, n-am fost niciodat\u0103 un fan al muzicii populare. Dansurile populare nu m-au atras, \u015ftiu s\u0103 dansez doar pentru c\u0103 am pas u\u015for \u015fi \u00eenv\u0103\u0163 repede, \u00a0dar \u00eentotdeauna \u015fi muzica \u015fi dansul rom\u00e2nesc mi-au inspirat respect.<br \/>\n\u00cemi place s\u0103 v\u0103d oameni din diferite col\u0163uri ale \u0163\u0103rii, c\u00e2nt\u00e2ndu-\u015fi, dans\u00e2ndu-\u015fi dorul, jalea, dragostea, cu pa\u015fi diferi\u0163i, ritmuri diferite, cuvinte diferite, dar cu aceea\u015fi tr\u0103ire, cu aceea\u015fi emo\u0163ie.<br \/>\nCa \u015fi cum emo\u0163ia aceasta este firul de leg\u0103tur\u0103 \u00eentre moldoveni, ardeleni, b\u0103n\u0103\u0163eni, munteni, unguri, sa\u015fi&#8230;<br \/>\nNu-\u0163i po\u0163i c\u00e2nta nici fericire nici durere, mai bine \u015fi mai adev\u0103rat dec\u00e2t o po\u0163i face \u00een limba ta.<br \/>\n\u00centr-o lume \u00een care ne intereseaz\u0103 pre\u0163ul \u015fi cantitatea, \u00een care ne m\u0103sur\u0103m calitatea \u00een grosimea portofelului, \u00eentr-o lume \u00een care dai numai dac\u0103 prime\u015fti, cunosc ni\u015fte rom\u00e2ni-americani care d\u0103ruiesc frumosul \u00een pas de dans popular, doar pentru c\u0103 \u0219tiu c\u00e2t de important este s\u0103 nu-\u021bi ui\u021bi graiul \u0219i portul, s\u0103 nu \u00ee\u021bi ui\u021bi identitatea printre str\u0103ini; chiar dac\u0103 str\u0103inii \u021bi-au devenit familie, chiar dac\u0103 cei mai mici dansatori, danseaz\u0103 rom\u00e2ne\u0219te mult mai bine dec\u00e2t stiu vorbi:<\/p>\n<div class=\"separator\"><\/div>\n<div class=\"separator\"><img decoding=\"async\" loading=\"lazy\" class=\"alignnone size-medium wp-image-15282\" src=\"http:\/\/www.curentul.net\/wp-content\/uploads\/2018\/02\/10273363_778401582183856_2003218360223852478_o-300x225.jpg\" alt=\"10273363_778401582183856_2003218360223852478_o\" width=\"300\" height=\"225\" \/><img decoding=\"async\" loading=\"lazy\" class=\"alignnone size-medium wp-image-15283\" src=\"http:\/\/www.curentul.net\/wp-content\/uploads\/2018\/02\/20840880_1630562100311509_6966376284942802263_n-300x224.jpg\" alt=\"20840880_1630562100311509_6966376284942802263_n\" width=\"300\" height=\"224\" \/><img decoding=\"async\" loading=\"lazy\" class=\"alignnone size-medium wp-image-15285\" src=\"http:\/\/www.curentul.net\/wp-content\/uploads\/2018\/02\/10801974_891483537530310_6802617539753389279_n-300x225.jpg\" alt=\"10801974_891483537530310_6802617539753389279_n\" width=\"300\" height=\"225\" \/><\/div>\n<div class=\"separator\">\u00a0Grupul de dansatori Balkan, de la Biserica ,,Sf\u00e2nta Cruce,, din Hollywood, Florida, condus de frumoasa \u015fi inimoasa doamn\u0103 Georgeta Railic \u015fi de domnul Joe Bircia.<\/div>\n<p>Oameni frumo\u0219i, copii, adolescen\u0163i, tineri \u015fi adul\u0163i, tot respectul pentru ceea ce face\u0163i.<\/p>\n<\/div>\n<p>***<br \/>\nNu\u021ba Istrate Gangan &#8211; Florida<\/p>\n","protected":false},"excerpt":{"rendered":"<h3><\/h3>\n<h3><img decoding=\"async\" loading=\"lazy\" class=\"alignnone size-art-big-1col wp-image-2334\" src=\"http:\/\/www.nymagazin.com\/wp-content\/uploads\/2018\/02\/28061419_10213291716382267_1684271147207104363_o-326x235.jpg\" alt=\"\" width=\"326\" height=\"235\" \/><\/h3>\n<p><strong>NIG<\/strong>&#8230;<\/p>\n","protected":false},"author":2,"featured_media":0,"comment_status":"open","ping_status":"open","sticky":false,"template":"","format":"standard","meta":[],"categories":[14],"tags":[],"coauthors":[],"jetpack_featured_media_url":"","jetpack_sharing_enabled":true,"jetpack_shortlink":"https:\/\/wp.me\/p4rsGx-BC","_links":{"self":[{"href":"http:\/\/www.nymagazin.com\/en_US\/wp-json\/wp\/v2\/posts\/2332"}],"collection":[{"href":"http:\/\/www.nymagazin.com\/en_US\/wp-json\/wp\/v2\/posts"}],"about":[{"href":"http:\/\/www.nymagazin.com\/en_US\/wp-json\/wp\/v2\/types\/post"}],"author":[{"embeddable":true,"href":"http:\/\/www.nymagazin.com\/en_US\/wp-json\/wp\/v2\/users\/2"}],"replies":[{"embeddable":true,"href":"http:\/\/www.nymagazin.com\/en_US\/wp-json\/wp\/v2\/comments?post=2332"}],"version-history":[{"count":2,"href":"http:\/\/www.nymagazin.com\/en_US\/wp-json\/wp\/v2\/posts\/2332\/revisions"}],"predecessor-version":[{"id":2336,"href":"http:\/\/www.nymagazin.com\/en_US\/wp-json\/wp\/v2\/posts\/2332\/revisions\/2336"}],"wp:attachment":[{"href":"http:\/\/www.nymagazin.com\/en_US\/wp-json\/wp\/v2\/media?parent=2332"}],"wp:term":[{"taxonomy":"category","embeddable":true,"href":"http:\/\/www.nymagazin.com\/en_US\/wp-json\/wp\/v2\/categories?post=2332"},{"taxonomy":"post_tag","embeddable":true,"href":"http:\/\/www.nymagazin.com\/en_US\/wp-json\/wp\/v2\/tags?post=2332"},{"taxonomy":"author","embeddable":true,"href":"http:\/\/www.nymagazin.com\/en_US\/wp-json\/wp\/v2\/coauthors?post=2332"}],"curies":[{"name":"wp","href":"https:\/\/api.w.org\/{rel}","templated":true}]}}